{"id":953,"date":"2014-05-14T11:00:49","date_gmt":"2014-05-14T10:00:49","guid":{"rendered":"http:\/\/www.almateon.com\/blog\/?p=953"},"modified":"2014-05-14T11:05:45","modified_gmt":"2014-05-14T10:05:45","slug":"les-journees-des-collections-du-20-au-22-mai-2014","status":"publish","type":"post","link":"https:\/\/www.almateon.com\/blog\/agenda\/les-journees-des-collections-du-20-au-22-mai-2014-953\/","title":{"rendered":"Les Journ\u00e9es des Collections du 20 au 22 mai 2014"},"content":{"rendered":"<p style=\"text-align: justify;\"><span style=\"color: #000000;\">Les Journ\u00e9es des Collections est le salon qui regroupe tous les professionnels du jardin. Cet <strong>\u00e9v\u00e9nement en plein air<\/strong> se tiendra du <strong>20 au 22 mai<\/strong> prochain \u00e0 l&rsquo;abbaye de Chaalis \u00e0 Fontaine Chaalis, pr\u00e8s de Paris.\u00a0<\/span><\/p>\n<p style=\"text-align: justify;\"><span style=\"color: #000000;\">Ce salon regroupe pr\u00e8s de <strong>290 exposants<\/strong>\u00a0qui pr\u00e9senteront nouveaut\u00e9s et derni\u00e8res tendances, et \u00e9changeront avec les acteurs du march\u00e9 fran\u00e7ais. Vous pourrez y rencontrer des fabricants, des importateurs, des agents, des prestataires et des distributeurs, venant de France mais aussi de l&rsquo;\u00e9tranger. Durant ces 3 journ\u00e9es, le salon se divisera en <strong>5 univers<\/strong> :<\/span><\/p>\n<ul>\n<li>Jardiner<\/li>\n<li>Entretenir<\/li>\n<li>D\u00e9corer<\/li>\n<li>Cocooner<\/li>\n<li>Am\u00e9nager<\/li>\n<\/ul>\n<p style=\"text-align: center;\"><img loading=\"lazy\" class=\"aligncenter\" title=\"Journ\u00e9es des Collections\" alt=\"Journ\u00e9es des Collections\" src=\"http:\/\/www.journeesdescollections.com\/local\/cache-vignettes\/L220xH124\/siteon0-38e4a.jpg\" width=\"266\" height=\"160\" \/><\/p>\n<p>&nbsp;<\/p>\n<h3>Lieu \u00a0et acc\u00e8s :<\/h3>\n<p>Journ\u00e9es des Collections<br \/>\nAbbaye de Chaalis<br \/>\n60 300 FONTAINE CHAALIS<\/p>\n<p>Coordonn\u00e9es GPS\u00a0: 49\u00b008\u201949.90\u2019\u2019N &#8211; 2\u00b040\u201959.84\u2019\u2019E<\/p>\n<h3>Horaires :<\/h3>\n<p>Du mardi 20 au jeudi 22 mai : 9 h &#8211; 19 h non stop<br \/>\nMardi 20 mai de 18 h \u00e0 20 h : Cocktail et remise des troph\u00e9es LSA de l&rsquo;Innovation Jardin<\/p>\n<h3>R\u00e9servation :<\/h3>\n<p>Seuls les professionnels sont autoris\u00e9s \u00e0 visiter ce salon : professionnels de la distribution europ\u00e9ennes, centrales d&rsquo;achat, jardineries, professionnels du secteur e-commerce, r\u00e9seaux sp\u00e9cialis\u00e9s&#8230; sont les bienvenus. Fa\u00eetes votre <a title=\"Journ\u00e9es des Collections\" href=\"http:\/\/www.mybadgeonline.com\/jdc\/\">demande d&rsquo;accr\u00e9ditation directement en ligne.<\/a><\/p>\n","protected":false},"excerpt":{"rendered":"<p>Les Journ\u00e9es des Collections est le salon qui regroupe tous les professionnels du jardin. Cet \u00e9v\u00e9nement en plein air se tiendra du 20 au 22 mai prochain \u00e0 l&rsquo;abbaye de Chaalis \u00e0 Fontaine Chaalis, pr\u00e8s de Paris.\u00a0 Ce salon regroupe<span class=\"ellipsis\">&hellip;<\/span><\/p>\n<div class=\"read-more\"><a href=\"https:\/\/www.almateon.com\/blog\/agenda\/les-journees-des-collections-du-20-au-22-mai-2014-953\/\">Lire la suite &#8250;<\/a><\/div>\n<p><!-- end of .read-more --><\/p>\n","protected":false},"author":10,"featured_media":959,"comment_status":"open","ping_status":"open","sticky":false,"template":"","format":"standard","meta":[],"categories":[3],"tags":[17],"_links":{"self":[{"href":"https:\/\/www.almateon.com\/blog\/wp-json\/wp\/v2\/posts\/953"}],"collection":[{"href":"https:\/\/www.almateon.com\/blog\/wp-json\/wp\/v2\/posts"}],"about":[{"href":"https:\/\/www.almateon.com\/blog\/wp-json\/wp\/v2\/types\/post"}],"author":[{"embeddable":true,"href":"https:\/\/www.almateon.com\/blog\/wp-json\/wp\/v2\/users\/10"}],"replies":[{"embeddable":true,"href":"https:\/\/www.almateon.com\/blog\/wp-json\/wp\/v2\/comments?post=953"}],"version-history":[{"count":5,"href":"https:\/\/www.almateon.com\/blog\/wp-json\/wp\/v2\/posts\/953\/revisions"}],"predecessor-version":[{"id":958,"href":"https:\/\/www.almateon.com\/blog\/wp-json\/wp\/v2\/posts\/953\/revisions\/958"}],"wp:featuredmedia":[{"embeddable":true,"href":"https:\/\/www.almateon.com\/blog\/wp-json\/wp\/v2\/media\/959"}],"wp:attachment":[{"href":"https:\/\/www.almateon.com\/blog\/wp-json\/wp\/v2\/media?parent=953"}],"wp:term":[{"taxonomy":"category","embeddable":true,"href":"https:\/\/www.almateon.com\/blog\/wp-json\/wp\/v2\/categories?post=953"},{"taxonomy":"post_tag","embeddable":true,"href":"https:\/\/www.almateon.com\/blog\/wp-json\/wp\/v2\/tags?post=953"}],"curies":[{"name":"wp","href":"https:\/\/api.w.org\/{rel}","templated":true}]}}