{"id":928,"date":"2014-04-29T14:21:08","date_gmt":"2014-04-29T13:21:08","guid":{"rendered":"http:\/\/www.almateon.com\/blog\/?p=928"},"modified":"2014-04-29T14:21:34","modified_gmt":"2014-04-29T13:21:34","slug":"bien-choisir-son-salon-de-jardin","status":"publish","type":"post","link":"https:\/\/www.almateon.com\/blog\/tendances-jardin\/bien-choisir-son-salon-de-jardin-928\/","title":{"rendered":"Bien choisir son salon de jardin !"},"content":{"rendered":"<p style=\"text-align: justify;\">Le jardin est devenu une v\u00e9ritable pi\u00e8ce \u00e0 vivre, au m\u00eame titre que le salon, il est donc primordial de l&rsquo;am\u00e9nager avec des <strong>produits confortables et de qualit\u00e9.<\/strong> L&rsquo;aspect esth\u00e9tique est \u00e9galement un point \u00e0 ne pas n\u00e9gliger si vous souhaitez cr\u00e9er un<strong> univers agr\u00e9able<\/strong> dans votre jardin. Les mod\u00e8les, formes et mati\u00e8res sont de plus en plus nombreuses ce qui laisse un large choix au consommateur, cependant il n&rsquo;est pas toujours \u00e9vident de s&rsquo;y retrouver parmi tant de r\u00e9f\u00e9rences. Almateon vous aide \u00e0 cibler vos besoins et vous guide dans votre choix.<\/p>\n<h2 style=\"text-align: justify;\">Les diff\u00e9rents usages<\/h2>\n<p style=\"text-align: justify;\"><a title=\"Salon de jardin repas\" href=\"http:\/\/www.almateon.com\/239-salon-de-jardin-repas\">Le choix de votre salon de jardin <\/a>d\u00e9pend principalement de l<strong>&lsquo;usage que vous souhaitez en faire<\/strong> : repas en famille, entre amis, en t\u00eate-\u00e0-t\u00eate ? Quel que soit l&rsquo;espace dont vous disposez, il est possible de trouver le salon de jardin que vous recherchez. De nombreux mod\u00e8les sont maintenant<strong> con\u00e7us afin de prendre un minimum de place :\u00a0<\/strong>\u00a0ils se plient ou les tabourets se glissent sous la table par exemple&#8230; Les possibilit\u00e9s qui s&rsquo;offrent \u00e0 vous sont nombreuses.<\/p>\n<h3 style=\"text-align: justify;\">Si vous disposez d&rsquo;un petit espace :<\/h3>\n<p style=\"text-align: justify;\">Optez pour des petits mod\u00e8les. Pr\u00e9f\u00e9rez une <strong>table ronde<\/strong>, vous pourrez y faire manger plus de personnes, et <strong>pliante<\/strong> pour profiter de l&rsquo;espace lorsque vous n&rsquo;en avez plus besoin.<\/p>\n<p style=\"text-align: center;\"><img loading=\"lazy\" class=\" wp-image-933 aligncenter\" title=\"Salon-de-jardin-Gandia-Almateon\" alt=\"Salon-de-jardin-Gandia-Almateon\" src=\"http:\/\/www.almateon.com\/blog\/wp-content\/uploads\/2014\/04\/Salon-de-jardin-Gandia-Almateon.jpg\" width=\"480\" height=\"360\" srcset=\"https:\/\/www.almateon.com\/blog\/wp-content\/uploads\/2014\/04\/Salon-de-jardin-Gandia-Almateon.jpg 800w, https:\/\/www.almateon.com\/blog\/wp-content\/uploads\/2014\/04\/Salon-de-jardin-Gandia-Almateon-300x225.jpg 300w\" sizes=\"(max-width: 480px) 100vw, 480px\" \/><\/p>\n<h3 style=\"text-align: justify;\">Si vous souhaitez d\u00e9jeuner en famille :<\/h3>\n<p style=\"text-align: justify;\">Choisissez une table con\u00e7ue pour 6, 8 personnes, voire plus. Certains mod\u00e8les sont <strong>extensibles<\/strong>, ils vous permettront de l&rsquo;adapter en fonction du nombre de convives que vous souhaitez installer. Si vous ne disposez pas d&rsquo;un grand espace de rangement en hiver, optez pour des <strong>chaises empilables<\/strong>, elles prendront nettement moins de place.<\/p>\n<p style=\"text-align: center;\"><img loading=\"lazy\" class=\" wp-image-934 aligncenter\" title=\"table-pique-nique-garden-almateon-5\" alt=\"table-pique-nique-garden-almateon-5\" src=\"http:\/\/www.almateon.com\/blog\/wp-content\/uploads\/2014\/04\/table-pique-nique-garden-almateon-5.jpg\" width=\"480\" height=\"360\" srcset=\"https:\/\/www.almateon.com\/blog\/wp-content\/uploads\/2014\/04\/table-pique-nique-garden-almateon-5.jpg 800w, https:\/\/www.almateon.com\/blog\/wp-content\/uploads\/2014\/04\/table-pique-nique-garden-almateon-5-300x225.jpg 300w\" sizes=\"(max-width: 480px) 100vw, 480px\" \/><\/p>\n<h3 style=\"text-align: justify;\">Si vous souhaitez d\u00eener en t\u00eate-\u00e0-t\u00eate :<\/h3>\n<p style=\"text-align: justify;\">Les mange-debout sont parfait pour les d\u00eeners en amoureux, les ap\u00e9ros surprises ou encore les soir\u00e9es impr\u00e9vues. <strong>Tr\u00e8s fonctionnels<\/strong>, ils font office de bar et permettent de partager un moment tr\u00e8s convivial. Bien souvent, ils prennent peu de place, car les assises sont des tabourets qui \u00a0se glissent sous la table.<\/p>\n<p style=\"text-align: center;\"><img loading=\"lazy\" class=\" wp-image-935 aligncenter\" title=\"Salon-de-jardin-Menorca-Almateon-2\" alt=\"Salon-de-jardin-Menorca-Almateon-2\" src=\"http:\/\/www.almateon.com\/blog\/wp-content\/uploads\/2014\/04\/Salon-de-jardin-Menorca-Almateon-2.jpg\" width=\"480\" height=\"360\" srcset=\"https:\/\/www.almateon.com\/blog\/wp-content\/uploads\/2014\/04\/Salon-de-jardin-Menorca-Almateon-2.jpg 800w, https:\/\/www.almateon.com\/blog\/wp-content\/uploads\/2014\/04\/Salon-de-jardin-Menorca-Almateon-2-300x225.jpg 300w\" sizes=\"(max-width: 480px) 100vw, 480px\" \/><\/p>\n<h2 style=\"text-align: justify;\">Les diff\u00e9rentes mati\u00e8res<\/h2>\n<h3>La r\u00e9sine tress\u00e9e<\/h3>\n<p style=\"text-align: justify;\"><strong>Tr\u00e8s tendance<\/strong> depuis quelques ann\u00e9es, la r\u00e9sine tress\u00e9e se fait de plus en plus pr\u00e9sente dans nos jardins. Vous trouverez des salons de jardin, mais pas uniquement, une <strong>large gamme de produits<\/strong> en r\u00e9sine tress\u00e9e est dor\u00e9navant disponible : \u00a0table basse, bacs et jardini\u00e8res, <a title=\"Coffre et armoire de rangement\" href=\"http:\/\/www.almateon.com\/189-structure-rangement\">coffre et armoire de rangement<\/a>&#8230; Vous pourrez accorder plusieurs pi\u00e8ces les unes avec les autres. <strong>Disponible en une multitude de couleurs<\/strong>, le mobilier en r\u00e9sine tress\u00e9e vous permettra \u00e9galement de cr\u00e9er une d\u00e9coration \u00e0 votre image. Si vous souhaitez cr\u00e9er une ambiance zen et nature, tournez-vous vers du mobilier blanc, marron fonc\u00e9, ou vert clair. A l&rsquo;inverse, si vous envisagez de cr\u00e9er un style plus color\u00e9, osez les teintes vives comme le bleu, le orange ou encore le violet, qui s&rsquo;accorderont parfaitement avec les couleurs de votre jardin.<\/p>\n<p style=\"text-align: center;\"><img loading=\"lazy\" class=\" wp-image-936 aligncenter\" title=\"Salon-de-jardin-Oregon-Almateon-1\" alt=\"Salon-de-jardin-Oregon-Almateon-1\" src=\"http:\/\/www.almateon.com\/blog\/wp-content\/uploads\/2014\/04\/Salon-de-jardin-Oregon-Almateon-1.jpg\" width=\"480\" height=\"360\" srcset=\"https:\/\/www.almateon.com\/blog\/wp-content\/uploads\/2014\/04\/Salon-de-jardin-Oregon-Almateon-1.jpg 800w, https:\/\/www.almateon.com\/blog\/wp-content\/uploads\/2014\/04\/Salon-de-jardin-Oregon-Almateon-1-300x225.jpg 300w\" sizes=\"(max-width: 480px) 100vw, 480px\" \/><\/p>\n<h3>Le bois<\/h3>\n<p style=\"text-align: justify;\"><strong>R\u00e9sistant et chaleureux<\/strong> \u00e0 la fois, le bois est un mat\u00e9riau qui s\u00e9duit de nombreux consommateurs. Longtemps consid\u00e9r\u00e9 comme classique, il est maintenant remis au go\u00fbt du jour avec des mod\u00e8les de <a title=\"Salon de jardin lounge\" href=\"http:\/\/www.almateon.com\/103-lounge#\/\">salon de jardin au style lounge<\/a>, ou contemporain.<\/p>\n<p style=\"text-align: justify;\">Le mobilier d&rsquo;ext\u00e9rieur en bois se d\u00e9clinent en diff\u00e9rents types d&rsquo;essences : pin, acacia, teck&#8230; La robustesse et le style esth\u00e9tique de chacun est diff\u00e9rent. Les<strong> labels FSC et PEFC<\/strong> sont de plus en plus souvent pr\u00e9sents sur nos produits, ils certifient qu&rsquo;ils ont \u00e9t\u00e9 fabriqu\u00e9s dans un environnement \u00e9co-responsables, privil\u00e9giez le mobilier d\u00e9tenant cette certification. Enfin, <strong>certains mod\u00e8les sont trait\u00e9s autoclave<\/strong>, cela signifie qu&rsquo;ils ont subis un traitement de protection et qu&rsquo;ils ne demandent donc aucun entretien.<\/p>\n<p style=\"text-align: center;\"><img loading=\"lazy\" class=\" wp-image-937 aligncenter\" title=\"Fauteuil-Amberes-Almateon-1\" alt=\"Fauteuil-Amberes-Almateon-1\" src=\"http:\/\/www.almateon.com\/blog\/wp-content\/uploads\/2014\/04\/Fauteuil-Amberes-Almateon-1.jpg\" width=\"480\" height=\"360\" srcset=\"https:\/\/www.almateon.com\/blog\/wp-content\/uploads\/2014\/04\/Fauteuil-Amberes-Almateon-1.jpg 800w, https:\/\/www.almateon.com\/blog\/wp-content\/uploads\/2014\/04\/Fauteuil-Amberes-Almateon-1-300x225.jpg 300w\" sizes=\"(max-width: 480px) 100vw, 480px\" \/><\/p>\n<h3 style=\"text-align: justify;\">Le m\u00e9tal<\/h3>\n<p style=\"text-align: justify;\">L&rsquo;aluminium et l&rsquo;acier sont les m\u00e9taux les plus utilis\u00e9s pour la conception de salon de jardin. Le principal avantage de ce type de mat\u00e9riau est sa<strong> r\u00e9sistance dans le temps.<\/strong> Le m\u00e9tal est \u00e9galement tr\u00e8s maniable, il permet de r\u00e9aliser du mobilier classique au style classique ou plus atypique : <a title=\"Tables d'ext\u00e9rieur Almateon\" href=\"http:\/\/www.almateon.com\/100-table-exterieur\">tables d&rsquo;ext\u00e9rieur<\/a> aux formes g\u00e9om\u00e9triques, tonnelles en fer forg\u00e9e aux d\u00e9tails impeccables, <a title=\"Canap\u00e9s d'ext\u00e9rieur Almateon\" href=\"http:\/\/www.almateon.com\/104-canape-exterieur\">canap\u00e9s d&rsquo;ext\u00e9rieur<\/a> aux courbes romantiques et harmonieuses&#8230;<\/p>\n<p style=\"text-align: center;\"><img loading=\"lazy\" class=\" wp-image-938 aligncenter\" title=\"Salon-LEVITY-Almateon-5\" alt=\"Salon-LEVITY-Almateon-5\" src=\"http:\/\/www.almateon.com\/blog\/wp-content\/uploads\/2014\/04\/Salon-LEVITY-Almateon-5.jpg\" width=\"480\" height=\"360\" srcset=\"https:\/\/www.almateon.com\/blog\/wp-content\/uploads\/2014\/04\/Salon-LEVITY-Almateon-5.jpg 800w, https:\/\/www.almateon.com\/blog\/wp-content\/uploads\/2014\/04\/Salon-LEVITY-Almateon-5-300x225.jpg 300w\" sizes=\"(max-width: 480px) 100vw, 480px\" \/><\/p>\n","protected":false},"excerpt":{"rendered":"<p>Le jardin est devenu une v\u00e9ritable pi\u00e8ce \u00e0 vivre, au m\u00eame titre que le salon, il est donc primordial de l&rsquo;am\u00e9nager avec des produits confortables et de qualit\u00e9. L&rsquo;aspect esth\u00e9tique est \u00e9galement un point \u00e0 ne pas n\u00e9gliger si vous<span class=\"ellipsis\">&hellip;<\/span><\/p>\n<div class=\"read-more\"><a href=\"https:\/\/www.almateon.com\/blog\/tendances-jardin\/bien-choisir-son-salon-de-jardin-928\/\">Lire la suite &#8250;<\/a><\/div>\n<p><!-- end of .read-more --><\/p>\n","protected":false},"author":10,"featured_media":934,"comment_status":"open","ping_status":"open","sticky":false,"template":"","format":"standard","meta":[],"categories":[4],"tags":[90,92,120,121],"_links":{"self":[{"href":"https:\/\/www.almateon.com\/blog\/wp-json\/wp\/v2\/posts\/928"}],"collection":[{"href":"https:\/\/www.almateon.com\/blog\/wp-json\/wp\/v2\/posts"}],"about":[{"href":"https:\/\/www.almateon.com\/blog\/wp-json\/wp\/v2\/types\/post"}],"author":[{"embeddable":true,"href":"https:\/\/www.almateon.com\/blog\/wp-json\/wp\/v2\/users\/10"}],"replies":[{"embeddable":true,"href":"https:\/\/www.almateon.com\/blog\/wp-json\/wp\/v2\/comments?post=928"}],"version-history":[{"count":4,"href":"https:\/\/www.almateon.com\/blog\/wp-json\/wp\/v2\/posts\/928\/revisions"}],"predecessor-version":[{"id":939,"href":"https:\/\/www.almateon.com\/blog\/wp-json\/wp\/v2\/posts\/928\/revisions\/939"}],"wp:featuredmedia":[{"embeddable":true,"href":"https:\/\/www.almateon.com\/blog\/wp-json\/wp\/v2\/media\/934"}],"wp:attachment":[{"href":"https:\/\/www.almateon.com\/blog\/wp-json\/wp\/v2\/media?parent=928"}],"wp:term":[{"taxonomy":"category","embeddable":true,"href":"https:\/\/www.almateon.com\/blog\/wp-json\/wp\/v2\/categories?post=928"},{"taxonomy":"post_tag","embeddable":true,"href":"https:\/\/www.almateon.com\/blog\/wp-json\/wp\/v2\/tags?post=928"}],"curies":[{"name":"wp","href":"https:\/\/api.w.org\/{rel}","templated":true}]}}