{"id":630,"date":"2013-12-23T11:56:03","date_gmt":"2013-12-23T10:56:03","guid":{"rendered":"http:\/\/www.almateon.com\/blog\/?p=630"},"modified":"2013-12-23T11:56:03","modified_gmt":"2013-12-23T10:56:03","slug":"conseils-pour-obtenir-de-belles-jardinieres-en-hiver","status":"publish","type":"post","link":"https:\/\/www.almateon.com\/blog\/tendances-jardin\/conseils-pour-obtenir-de-belles-jardinieres-en-hiver-630\/","title":{"rendered":"Conseils pour obtenir de belles jardini\u00e8res en hiver"},"content":{"rendered":"<p style=\"text-align: justify;\">L&rsquo;hiver \u00e9tant la saison la plus froide, il est difficile d&rsquo;obtenir de jolies jardini\u00e8res. Malgr\u00e9 tout, gr\u00e2ce \u00e0 quelques astuces, cela est tout de m\u00eame r\u00e9alisable. Almateon vous d\u00e9livre tous ces conseils afin d&rsquo;<strong>apporter de la couleur<\/strong>, et d&rsquo;<strong>embellir votre balcon et vos rebords de fen\u00eatres<\/strong>, tout au long de l&rsquo;hiver.<\/p>\n<p style=\"text-align: justify;\">\n<h2 style=\"text-align: justify;\">Quelles plantes choisir ?<\/h2>\n<p style=\"text-align: justify;\">Tournez-vous vers des <strong>plantes vivaces<\/strong>, c&rsquo;est-a-dire des plantes r\u00e9sistantes, vivant plus de 2 ans, et \u00e9tant capable de produire plusieurs floraisons : Gramin\u00e9es, pens\u00e9es, foug\u00e8res, bruy\u00e8res, heuch\u00e8res&#8230;<\/p>\n<p style=\"text-align: center;\"><img loading=\"lazy\" class=\" wp-image-631 aligncenter\" title=\"Plantes grasses\" alt=\"Plantes grasses\" src=\"http:\/\/www.almateon.com\/blog\/wp-content\/uploads\/2013\/12\/Plantes-grasses.jpg\" width=\"450\" height=\"300\" srcset=\"https:\/\/www.almateon.com\/blog\/wp-content\/uploads\/2013\/12\/Plantes-grasses.jpg 500w, https:\/\/www.almateon.com\/blog\/wp-content\/uploads\/2013\/12\/Plantes-grasses-300x199.jpg 300w\" sizes=\"(max-width: 450px) 100vw, 450px\" \/><\/p>\n<p style=\"text-align: justify;\">Les <strong>plantes grasses<\/strong>, plantes dont les feuilles sont \u00e9paisses, peuvent \u00e9galement \u00eatre cultiv\u00e9es, elles r\u00e9sisteront aux intemp\u00e9ries de l&rsquo;hiver. Certaines <strong>plantes aromatiques<\/strong> peuvent aussi \u00eatre plant\u00e9es durant l&rsquo;hiver : romarin, laurier, sauge, thym&#8230;<\/p>\n<p style=\"text-align: justify;\">Id\u00e9alement, choisissez des <strong>vari\u00e9t\u00e9s aux teintes chaudes<\/strong>, qui vous feront oublier la grisaille de l&rsquo;hiver !<\/p>\n<h2 style=\"text-align: justify;\">Les diff\u00e9rentes \u00e9tapes \u00e0 suivre<\/h2>\n<p style=\"text-align: justify;\">Dans un premier temps, <strong>optez pour de <a title=\"Bac \u00e0 fleurs et jardini\u00e8res\" href=\"http:\/\/www.almateon.com\/118-bac-a-fleurs-et-jardiniere\">grandes jardini\u00e8res<\/a><\/strong> afin que vous puissiez planter une multitude de vari\u00e9t\u00e9s. Le r\u00e9sultat n&rsquo;en sera que plus joli, visuellement. Occupez un maximum d&rsquo;espace, et variez les textures ainsi que les couleurs de vos plantes. Vos <strong>jardini\u00e8res<\/strong> sont aussi un \u00e9l\u00e9ment de d\u00e9coration \u00e0 part enti\u00e8re : choisissez-les dans des<strong> formes et des mat\u00e9riaux diff\u00e9rents<\/strong> afin d&rsquo;apporter de la gaiet\u00e9 \u00e0 vos espaces ext\u00e9rieurs :<\/p>\n<p style=\"text-align: justify;\"><a title=\"Bac \u00e0 fleurs rectangulaire en bois\" href=\"http:\/\/www.almateon.com\/bac-a-fleurs-et-jardiniere\/296-bac-a-fleurs-rectangulaire-en-bois-olea-180-grande-capacite-252-l.html\"><img loading=\"lazy\" class=\" wp-image-632 alignleft\" alt=\"Bac a fleurs\" src=\"http:\/\/www.almateon.com\/blog\/wp-content\/uploads\/2013\/12\/Bac-a-fleurs.jpg\" width=\"293\" height=\"221\" srcset=\"https:\/\/www.almateon.com\/blog\/wp-content\/uploads\/2013\/12\/Bac-a-fleurs.jpg 400w, https:\/\/www.almateon.com\/blog\/wp-content\/uploads\/2013\/12\/Bac-a-fleurs-300x225.jpg 300w\" sizes=\"(max-width: 293px) 100vw, 293px\" \/><\/a><\/p>\n<p style=\"text-align: center;\"><a title=\"Bac \u00e0 fleurs modulable en bois\" href=\"http:\/\/www.almateon.com\/bac-a-fleurs-et-jardiniere\/360-bac-a-fleurs-modulable-en-bois-essencia-80-de-92-l.html\"><img loading=\"lazy\" class=\"wp-image-633 aligncenter\" alt=\"Bac a fleurs\" src=\"http:\/\/www.almateon.com\/blog\/wp-content\/uploads\/2013\/12\/Bacs-a-fleurs.jpg\" width=\"293\" height=\"221\" srcset=\"https:\/\/www.almateon.com\/blog\/wp-content\/uploads\/2013\/12\/Bacs-a-fleurs.jpg 400w, https:\/\/www.almateon.com\/blog\/wp-content\/uploads\/2013\/12\/Bacs-a-fleurs-300x225.jpg 300w\" sizes=\"(max-width: 293px) 100vw, 293px\" \/><\/a><\/p>\n<p style=\"text-align: justify;\"><span style=\"color: #ffffff;\">.<\/span><\/p>\n<p style=\"text-align: justify;\"><strong>Enfin, optez pour un terreau souple<\/strong> et compos\u00e9 de plusieurs mati\u00e8res premi\u00e8res. Dans de grandes jardini\u00e8res, ce type de terre se dess\u00e9chera beaucoup moins rapidement. Veillez tout de m\u00eame \u00e0 ce qu&rsquo;elle soit toujours humide.<\/p>\n<p style=\"text-align: justify;\">Lorsque vous avez r\u00e9alis\u00e9 vos compositions, nettoyez bien chacun de vos outils, et <a title=\"Structures de rangement\" href=\"http:\/\/www.almateon.com\/189-structure-rangement\">rangez-les<\/a> \u00e0 l&rsquo;abri de l&rsquo;humidit\u00e9 afin de pouvoir les r\u00e9utiliser.<\/p>\n","protected":false},"excerpt":{"rendered":"<p>L&rsquo;hiver \u00e9tant la saison la plus froide, il est difficile d&rsquo;obtenir de jolies jardini\u00e8res. Malgr\u00e9 tout, gr\u00e2ce \u00e0 quelques astuces, cela est tout de m\u00eame r\u00e9alisable. Almateon vous d\u00e9livre tous ces conseils afin d&rsquo;apporter de la couleur, et d&rsquo;embellir votre<span class=\"ellipsis\">&hellip;<\/span><\/p>\n<div class=\"read-more\"><a href=\"https:\/\/www.almateon.com\/blog\/tendances-jardin\/conseils-pour-obtenir-de-belles-jardinieres-en-hiver-630\/\">Lire la suite &#8250;<\/a><\/div>\n<p><!-- end of .read-more --><\/p>\n","protected":false},"author":10,"featured_media":631,"comment_status":"open","ping_status":"open","sticky":false,"template":"","format":"standard","meta":[],"categories":[4],"tags":[98,119,103,121],"_links":{"self":[{"href":"https:\/\/www.almateon.com\/blog\/wp-json\/wp\/v2\/posts\/630"}],"collection":[{"href":"https:\/\/www.almateon.com\/blog\/wp-json\/wp\/v2\/posts"}],"about":[{"href":"https:\/\/www.almateon.com\/blog\/wp-json\/wp\/v2\/types\/post"}],"author":[{"embeddable":true,"href":"https:\/\/www.almateon.com\/blog\/wp-json\/wp\/v2\/users\/10"}],"replies":[{"embeddable":true,"href":"https:\/\/www.almateon.com\/blog\/wp-json\/wp\/v2\/comments?post=630"}],"version-history":[{"count":15,"href":"https:\/\/www.almateon.com\/blog\/wp-json\/wp\/v2\/posts\/630\/revisions"}],"predecessor-version":[{"id":648,"href":"https:\/\/www.almateon.com\/blog\/wp-json\/wp\/v2\/posts\/630\/revisions\/648"}],"wp:featuredmedia":[{"embeddable":true,"href":"https:\/\/www.almateon.com\/blog\/wp-json\/wp\/v2\/media\/631"}],"wp:attachment":[{"href":"https:\/\/www.almateon.com\/blog\/wp-json\/wp\/v2\/media?parent=630"}],"wp:term":[{"taxonomy":"category","embeddable":true,"href":"https:\/\/www.almateon.com\/blog\/wp-json\/wp\/v2\/categories?post=630"},{"taxonomy":"post_tag","embeddable":true,"href":"https:\/\/www.almateon.com\/blog\/wp-json\/wp\/v2\/tags?post=630"}],"curies":[{"name":"wp","href":"https:\/\/api.w.org\/{rel}","templated":true}]}}