{"id":357,"date":"2013-11-12T10:50:05","date_gmt":"2013-11-12T09:50:05","guid":{"rendered":"http:\/\/www.almateon.com\/blog\/?p=357"},"modified":"2013-12-11T15:58:42","modified_gmt":"2013-12-11T14:58:42","slug":"salon-paysalia-du-03-au-05-decembre-2013","status":"publish","type":"post","link":"https:\/\/www.almateon.com\/blog\/agenda\/salon-paysalia-du-03-au-05-decembre-2013-357\/","title":{"rendered":"Salon Paysalia du 03 au 05 d\u00e9cembre 2013"},"content":{"rendered":"<p style=\"text-align: justify;\">Paysalia est le <strong>rendez-vous unique de la fili\u00e8re du paysage en Europe.<\/strong> R\u00e9serv\u00e9 aux professionnels, ce salon est le seul sur lequel vous pourrez rencontrer tous vos fournisseurs, et en d\u00e9couvrir de nouveaux !<\/p>\n<p style=\"text-align: center;\"><img loading=\"lazy\" class=\"size-full wp-image-360 aligncenter\" title=\"Salon Paysalia\" alt=\"Salon Paysalia\" src=\"http:\/\/www.almateon.com\/blog\/wp-content\/uploads\/2013\/11\/Salon-Paysalia.jpg\" width=\"264\" height=\"124\" \/><\/p>\n<p style=\"text-align: justify;\">Cette ann\u00e9e, Paysalia regroupera plus de <strong>350 exposants<\/strong> qui pourront vous <strong>informer<\/strong>, vous <strong>conseiller<\/strong>, vous <strong>inspirer<\/strong>&#8230;<\/p>\n<p style=\"text-align: justify;\">Vous pourrez \u00e9galement assister \u00e0 plus de<strong> 10 conf\u00e9rences\u00a0<\/strong>: sujet d&rsquo;actualit\u00e9, innovations, <a title=\"Tendances jardin\" href=\"http:\/\/www.almateon.com\/blog\/tendances-jardin\">tendances<\/a>&#8230; Une multitude de sujets seront abord\u00e9s durant\u00a0les 3 jours d&rsquo;exposition.<\/p>\n<p style=\"text-align: justify;\">Un concours, <strong>Le carr\u00e9 des jardiniers<\/strong>, est \u00e9galement organis\u00e9 afin de r\u00e9compenser les professionnels sachant faire preuve de cr\u00e9ativit\u00e9 et d&rsquo;audace. Le th\u00e8me de cette ann\u00e9e 2013 est <strong>Le jardin synonyme de paradis.\u00a0<\/strong><\/p>\n<p style=\"text-align: center;\"><img loading=\"lazy\" class=\" wp-image-362 aligncenter\" title=\"Salon paysalia\" alt=\"Salon paysalia\" src=\"http:\/\/www.almateon.com\/blog\/wp-content\/uploads\/2013\/11\/Salon-paysaliaa.jpg\" width=\"420\" height=\"281\" srcset=\"https:\/\/www.almateon.com\/blog\/wp-content\/uploads\/2013\/11\/Salon-paysaliaa.jpg 600w, https:\/\/www.almateon.com\/blog\/wp-content\/uploads\/2013\/11\/Salon-paysaliaa-300x200.jpg 300w\" sizes=\"(max-width: 420px) 100vw, 420px\" \/><\/p>\n<p>&nbsp;<\/p>\n<p><strong>Lieu :<\/strong><br \/>\nEurexpo Lyon<br \/>\nBoulevard des droits de l\u2019homme<br \/>\n69500 Bron &#8211; France<\/p>\n<p><strong>Coordonn\u00e9es pour vous y inscrire :<\/strong><br \/>\nT\u00e9l : +33 (0)4 78 176 323<br \/>\nMail : paysalia@gl-events.com<\/p>\n<p><strong>Horaires :<\/strong><br \/>\nDe 9 heures \u00e0 18 heures<\/p>\n<p>&nbsp;<\/p>\n","protected":false},"excerpt":{"rendered":"<p>Paysalia est le rendez-vous unique de la fili\u00e8re du paysage en Europe. R\u00e9serv\u00e9 aux professionnels, ce salon est le seul sur lequel vous pourrez rencontrer tous vos fournisseurs, et en d\u00e9couvrir de nouveaux ! Cette ann\u00e9e, Paysalia regroupera plus de<span class=\"ellipsis\">&hellip;<\/span><\/p>\n<div class=\"read-more\"><a href=\"https:\/\/www.almateon.com\/blog\/agenda\/salon-paysalia-du-03-au-05-decembre-2013-357\/\">Lire la suite &#8250;<\/a><\/div>\n<p><!-- end of .read-more --><\/p>\n","protected":false},"author":10,"featured_media":362,"comment_status":"open","ping_status":"open","sticky":false,"template":"","format":"standard","meta":[],"categories":[3],"tags":[17],"_links":{"self":[{"href":"https:\/\/www.almateon.com\/blog\/wp-json\/wp\/v2\/posts\/357"}],"collection":[{"href":"https:\/\/www.almateon.com\/blog\/wp-json\/wp\/v2\/posts"}],"about":[{"href":"https:\/\/www.almateon.com\/blog\/wp-json\/wp\/v2\/types\/post"}],"author":[{"embeddable":true,"href":"https:\/\/www.almateon.com\/blog\/wp-json\/wp\/v2\/users\/10"}],"replies":[{"embeddable":true,"href":"https:\/\/www.almateon.com\/blog\/wp-json\/wp\/v2\/comments?post=357"}],"version-history":[{"count":10,"href":"https:\/\/www.almateon.com\/blog\/wp-json\/wp\/v2\/posts\/357\/revisions"}],"predecessor-version":[{"id":581,"href":"https:\/\/www.almateon.com\/blog\/wp-json\/wp\/v2\/posts\/357\/revisions\/581"}],"wp:featuredmedia":[{"embeddable":true,"href":"https:\/\/www.almateon.com\/blog\/wp-json\/wp\/v2\/media\/362"}],"wp:attachment":[{"href":"https:\/\/www.almateon.com\/blog\/wp-json\/wp\/v2\/media?parent=357"}],"wp:term":[{"taxonomy":"category","embeddable":true,"href":"https:\/\/www.almateon.com\/blog\/wp-json\/wp\/v2\/categories?post=357"},{"taxonomy":"post_tag","embeddable":true,"href":"https:\/\/www.almateon.com\/blog\/wp-json\/wp\/v2\/tags?post=357"}],"curies":[{"name":"wp","href":"https:\/\/api.w.org\/{rel}","templated":true}]}}