{"id":334,"date":"2013-11-06T14:00:22","date_gmt":"2013-11-06T13:00:22","guid":{"rendered":"http:\/\/www.almateon.com\/blog\/?p=334"},"modified":"2013-12-11T15:44:47","modified_gmt":"2013-12-11T14:44:47","slug":"proteger-son-potager-carre-en-hiver","status":"publish","type":"post","link":"https:\/\/www.almateon.com\/blog\/tendances-jardin\/proteger-son-potager-carre-en-hiver-334\/","title":{"rendered":"Prot\u00e9ger son potager carr\u00e9 en hiver"},"content":{"rendered":"<p style=\"text-align: justify;\">La pluie, le froid, le vent et les gel\u00e9es risquent de faire souffrir<a title=\"Potagers\" href=\"http:\/\/www.almateon.com\/120-potager\"> votre potager<\/a> si vous ne prenez pas quelques pr\u00e9cautions. Il est primordial d<strong>&lsquo;anticiper cette p\u00e9riode\u00a0afin d&rsquo;\u00e9viter les d\u00e9g\u00e2ts.<\/strong> Almateon vous donne <strong>quelques astuces<\/strong> qui vous permettront de gagner du temps \u00e0 l&rsquo;arriv\u00e9e du printemps !<\/p>\n<p style=\"text-align: center;\"><a title=\"Bac \u00e0 fleurs\" href=\"http:\/\/www.almateon.com\/potager\/290-bac-rectangulaire-potager-byo-130-l.html\"><img loading=\"lazy\" class=\"size-full wp-image-335 aligncenter\" title=\"Potager carr\u00e9\" alt=\"Potager carr\u00e9\" src=\"http:\/\/www.almateon.com\/blog\/wp-content\/uploads\/2013\/11\/Prot\u00e9ger-son-potager-carr\u00e9.jpg\" width=\"400\" height=\"300\" srcset=\"https:\/\/www.almateon.com\/blog\/wp-content\/uploads\/2013\/11\/Prot\u00e9ger-son-potager-carr\u00e9.jpg 400w, https:\/\/www.almateon.com\/blog\/wp-content\/uploads\/2013\/11\/Prot\u00e9ger-son-potager-carr\u00e9-300x225.jpg 300w\" sizes=\"(max-width: 400px) 100vw, 400px\" \/><\/a><\/p>\n<h2>Couvrir votre sol<\/h2>\n<p style=\"text-align: justify;\">Contrairement au reste de l&rsquo;ann\u00e9e, l&rsquo;hiver est une p\u00e9riode durant laquelle <strong>il ne faut pas travailler la terre de votre potager.<\/strong> Vous prendriez le risque de vous faire mal au dos inutilement.<br \/>\nL&rsquo;id\u00e9al est de <strong>veiller \u00e0 ce que la terre soit bien couverte<\/strong> tout au long de cette p\u00e9riode. Pour cela, vous pouvez<strong> utiliser les feuilles<\/strong> qui ne cessent de tomber et qui se ramassent par milliers. Couvrez la terre d&rsquo;une <strong>\u00e9paisse couche<\/strong> (30 cm environ) afin de la prot\u00e9ger du froid et de la pluie. Ainsi les jeunes plants de votre potager ne seront pas agress\u00e9s par les intemp\u00e9ries hivernales, et ils continueront \u00e0 se d\u00e9velopper.<\/p>\n<p style=\"text-align: center;\"><a title=\"Carr\u00e9 potager\" href=\"http:\/\/www.almateon.com\/potager\/288-carres-potager-sureleves-en-bois-pimprenelle-135-l.html\"><img loading=\"lazy\" class=\"size-full wp-image-336 aligncenter\" title=\"Carr\u00e9 potager\" alt=\"Carr\u00e9 potager\" src=\"http:\/\/www.almateon.com\/blog\/wp-content\/uploads\/2013\/11\/Carr\u00e9s-potager.jpg\" width=\"400\" height=\"300\" srcset=\"https:\/\/www.almateon.com\/blog\/wp-content\/uploads\/2013\/11\/Carr\u00e9s-potager.jpg 400w, https:\/\/www.almateon.com\/blog\/wp-content\/uploads\/2013\/11\/Carr\u00e9s-potager-300x225.jpg 300w\" sizes=\"(max-width: 400px) 100vw, 400px\" \/><\/a><\/p>\n<h2>Que faire s&rsquo;il vous reste quelques plants ?<\/h2>\n<p style=\"text-align: justify;\">Il est possible que vous cultiviez tout au long de l&rsquo;ann\u00e9e. <strong>Certains l\u00e9gumes sont r\u00e9sistants et peuvent faire face \u00e0 l&rsquo;hiver<\/strong>, \u00e0 condition d&rsquo;\u00eatre pr\u00e9voyant. Almateon a fait le point.<\/p>\n<h3><\/h3>\n<h3>Les cueillettes hivernales<\/h3>\n<p>Certaines l\u00e9gumes se cultivent durant l&rsquo;hiver :<\/p>\n<p><img loading=\"lazy\" class=\"wp-image-337 alignleft\" style=\"text-align: justify;\" alt=\"Prot\u00e9ger son carr\u00e9 potager\" src=\"http:\/\/www.almateon.com\/blog\/wp-content\/uploads\/2013\/11\/Potager-carr\u00e9.jpg\" width=\"336\" height=\"252\" srcset=\"https:\/\/www.almateon.com\/blog\/wp-content\/uploads\/2013\/11\/Potager-carr\u00e9.jpg 400w, https:\/\/www.almateon.com\/blog\/wp-content\/uploads\/2013\/11\/Potager-carr\u00e9-300x225.jpg 300w\" sizes=\"(max-width: 336px) 100vw, 336px\" \/><\/p>\n<ul>\n<li style=\"text-align: justify;\">Les <strong>\u00e9pinards<\/strong> et les <strong>pois<\/strong> peuvent \u00eatre r\u00e9colt\u00e9s jusqu&rsquo;au mois de d\u00e9cembre.<\/li>\n<\/ul>\n<ul>\n<li style=\"text-align: justify;\">Les <strong>poireaux<\/strong>, les <strong>choux de Bruxelles<\/strong> et <strong>choux pomm\u00e9s<\/strong> tiennent jusqu&rsquo;au mois de mars.<\/li>\n<\/ul>\n<ul>\n<li style=\"text-align: justify;\">Les<strong> laitues d&rsquo;hiver<\/strong> se cultivent en hiver et se r\u00e9coltent d\u00e8s l&rsquo;arriv\u00e9e du printemps.<\/li>\n<\/ul>\n<ul>\n<li style=\"text-align: justify;\">Le <strong>persil<\/strong>, le <strong>basilic<\/strong>, les <strong>oignons<\/strong>, les <strong>artichauts<\/strong> et les<strong> l\u00e9gumes-racines<\/strong> telles que les <strong>carottes<\/strong>, les <strong>betteraves<\/strong> et les <strong>radis<\/strong> se conservent tout au long de l&rsquo;hiver s&rsquo;ils sont bien prot\u00e9g\u00e9s.<\/li>\n<\/ul>\n<p>&nbsp;<\/p>\n<h3>Les plants \u00e0 prot\u00e9ger<\/h3>\n<p style=\"text-align: justify;\">Les agressions hivernales peuvent ab\u00eemer vos plants, il faut donc <strong>mettre en place une protection.<\/strong> <strong>Le film d&rsquo;hivernage<\/strong> est la protection la plus simple \u00e0 installer. Il vous suffit de le poser sur vos l\u00e9gumes et de le fixer sur les c\u00f4t\u00e9s. Ce film laisse passer l&rsquo;air, ainsi vos plants continueront \u00e0 respirer et ne risqueront pas de pourrir.<br \/>\nUne autre solution s&rsquo;offre \u00e9galement \u00e0 vous :<strong> la cloche en plastique ou en verre.<\/strong> L\u00e9g\u00e8res, maniables, et presque incassables, celles-ci repr\u00e9sentent une bonne alternative<\/p>\n<h3 style=\"text-align: justify;\">L&rsquo;arrosage<\/h3>\n<p style=\"text-align: justify;\">Le <strong>milieu de la journ\u00e9e est le moment id\u00e9al<\/strong> afin d&rsquo;arroser vos plants ainsi que le reste de votre jardin (<a title=\"Bac \u00e0 fleurs\" href=\"http:\/\/www.almateon.com\/118-bac-a-fleurs-et-jardiniere\">fleurs, arbustes&#8230;<\/a>) en hiver. Ne le faites surtout pas la matin, ni le soir, lorsque les temp\u00e9ratures sont au plus bas, afin d&rsquo;\u00e9viter qu&rsquo;elles ne g\u00e8lent.<\/p>\n","protected":false},"excerpt":{"rendered":"<p>La pluie, le froid, le vent et les gel\u00e9es risquent de faire souffrir votre potager si vous ne prenez pas quelques pr\u00e9cautions. Il est primordial d&lsquo;anticiper cette p\u00e9riode\u00a0afin d&rsquo;\u00e9viter les d\u00e9g\u00e2ts. Almateon vous donne quelques astuces qui vous permettront de<span class=\"ellipsis\">&hellip;<\/span><\/p>\n<div class=\"read-more\"><a href=\"https:\/\/www.almateon.com\/blog\/tendances-jardin\/proteger-son-potager-carre-en-hiver-334\/\">Lire la suite &#8250;<\/a><\/div>\n<p><!-- end of .read-more --><\/p>\n","protected":false},"author":10,"featured_media":336,"comment_status":"open","ping_status":"open","sticky":false,"template":"","format":"standard","meta":[],"categories":[4],"tags":[81,82],"_links":{"self":[{"href":"https:\/\/www.almateon.com\/blog\/wp-json\/wp\/v2\/posts\/334"}],"collection":[{"href":"https:\/\/www.almateon.com\/blog\/wp-json\/wp\/v2\/posts"}],"about":[{"href":"https:\/\/www.almateon.com\/blog\/wp-json\/wp\/v2\/types\/post"}],"author":[{"embeddable":true,"href":"https:\/\/www.almateon.com\/blog\/wp-json\/wp\/v2\/users\/10"}],"replies":[{"embeddable":true,"href":"https:\/\/www.almateon.com\/blog\/wp-json\/wp\/v2\/comments?post=334"}],"version-history":[{"count":19,"href":"https:\/\/www.almateon.com\/blog\/wp-json\/wp\/v2\/posts\/334\/revisions"}],"predecessor-version":[{"id":573,"href":"https:\/\/www.almateon.com\/blog\/wp-json\/wp\/v2\/posts\/334\/revisions\/573"}],"wp:featuredmedia":[{"embeddable":true,"href":"https:\/\/www.almateon.com\/blog\/wp-json\/wp\/v2\/media\/336"}],"wp:attachment":[{"href":"https:\/\/www.almateon.com\/blog\/wp-json\/wp\/v2\/media?parent=334"}],"wp:term":[{"taxonomy":"category","embeddable":true,"href":"https:\/\/www.almateon.com\/blog\/wp-json\/wp\/v2\/categories?post=334"},{"taxonomy":"post_tag","embeddable":true,"href":"https:\/\/www.almateon.com\/blog\/wp-json\/wp\/v2\/tags?post=334"}],"curies":[{"name":"wp","href":"https:\/\/api.w.org\/{rel}","templated":true}]}}