{"id":169,"date":"2013-10-23T08:57:33","date_gmt":"2013-10-23T07:57:33","guid":{"rendered":"http:\/\/www.almateon.com\/blog\/?p=169"},"modified":"2013-12-11T15:30:51","modified_gmt":"2013-12-11T14:30:51","slug":"almateon-se-charge-du-montage-de-votre-abri","status":"publish","type":"post","link":"https:\/\/www.almateon.com\/blog\/actualites-jardin\/almateon-se-charge-du-montage-de-votre-abri-169\/","title":{"rendered":"Almateon installe votre abri de rangement !"},"content":{"rendered":"<h3 style=\"text-align: justify;\">Envie d\u2019installer un abri de rangement dans votre jardin, mais le montage de cette structure vous inqui\u00e8te ?<\/h3>\n<p style=\"text-align: justify;\">Almateon\u00a0vous propose deux solutions :<\/p>\n<ul style=\"text-align: justify;\">\n<li>Vous pouvez anticiper le montage gr\u00e2ce \u00e0 la notice de montage t\u00e9l\u00e9chargeable en ligne.<\/li>\n<li>Si vous ne vous sentez pas \u00e0 l\u2019aise avec le bricolage, les experts Almateon peuvent alors prendre en charge le montage de votre abri !<\/li>\n<\/ul>\n<p style=\"text-align: center;\"><a title=\"Abri de rangement\" href=\"http:\/\/www.almateon.com\/abri-de-rangement-en-bois\/308-abri-en-epicea-6-m2-ungersund-28-mm.html\"><img loading=\"lazy\" class=\"size-full wp-image-176 aligncenter\" title=\"Abris avec options\" alt=\"Abris avec options\" src=\"http:\/\/www.almateon.com\/blog\/wp-content\/uploads\/2013\/10\/abri-en-epicea2.jpg\" width=\"400\" height=\"300\" srcset=\"https:\/\/www.almateon.com\/blog\/wp-content\/uploads\/2013\/10\/abri-en-epicea2.jpg 400w, https:\/\/www.almateon.com\/blog\/wp-content\/uploads\/2013\/10\/abri-en-epicea2-300x225.jpg 300w\" sizes=\"(max-width: 400px) 100vw, 400px\" \/><\/a><\/p>\n<h2 style=\"text-align: justify;\"><span style=\"color: #ffffff;\">.<\/span><br \/>\nAnticiper le montage<\/h2>\n<p style=\"text-align: justify;\">Lorsque vous avez pass\u00e9 commande, et donc choisit votre mod\u00e8le, il est alors possible de <strong>t\u00e9l\u00e9charger en ligne la notice de montage<\/strong> correspondant \u00e0 votre abri. Celles-ci sont claires et d\u00e9taill\u00e9es, en prendre connaissance vous permettra ainsi de ne pas \u00eatre pris au d\u00e9pourvu lors de la livraison de votre commande.<br \/>\nVous pourrez aussi\u00a0<strong>anticiper<\/strong> le mat\u00e9riel et les fournitures dont vous aurez besoin et les acqu\u00e9rir si n\u00e9cessaire, mais \u00e9galement<strong> pr\u00e9voir la pose d\u2019une dalle ou des fondations<\/strong> si besoin est.<\/p>\n<h3 style=\"text-align: justify;\">Combien de temps devez-vous pr\u00e9voir pour le montage ?<\/h3>\n<p style=\"text-align: justify;\">Selon les experts Almateon, si deux personnes s&rsquo;en chargent, il faut compter environ <strong>1h30 par m\u00b2<\/strong>. Cependant, ce temps peut varier sensiblement en fonction du mod\u00e8le \u00e0 monter.<\/p>\n<p style=\"text-align: justify;\"><span style=\"color: #ffffff;\">.<\/span><\/p>\n<h2 style=\"text-align: justify;\">Montage de l\u2019abri par nos experts<\/h2>\n<p style=\"text-align: justify;\"><img loading=\"lazy\" class=\"size-full wp-image-178 alignleft\" title=\"Dalle sous abri\" alt=\"Dalle sous abri\" src=\"http:\/\/www.almateon.com\/blog\/wp-content\/uploads\/2013\/10\/stock-photo-10527748-worker-using-concrete-trowel-to-smooth-driveway1.jpg\" width=\"380\" height=\"253\" srcset=\"https:\/\/www.almateon.com\/blog\/wp-content\/uploads\/2013\/10\/stock-photo-10527748-worker-using-concrete-trowel-to-smooth-driveway1.jpg 380w, https:\/\/www.almateon.com\/blog\/wp-content\/uploads\/2013\/10\/stock-photo-10527748-worker-using-concrete-trowel-to-smooth-driveway1-300x199.jpg 300w\" sizes=\"(max-width: 380px) 100vw, 380px\" \/>Vous n\u2019aimez pas le bricolage, ou vous n\u2019avez simplement pas le temps de vous en occuper ? Chez Almateon, cela n\u2019est pas un probl\u00e8me ! Nous vous proposons un service sur mesure : le<strong> montage de votre structure \u00e0 domicile.<\/strong> La d\u00e9marche est simple et rapide, il vous suffit d&rsquo;effectuer un devis en ligne, ou de nous contacter par t\u00e9l\u00e9phone.\u00a0<strong>Plusieurs options<\/strong> s&rsquo;offriront alors \u00e0 vous, en plus du montage de l&rsquo;abri : la pose de plancher, la pose de goutti\u00e8res, la construction d\u2019une terrasse en compl\u00e9ment\u2026 Nous pouvons \u00e9galement nous occuper de la construction d\u2019une dalle, n\u00e9cessaire avant la pose d\u2019un abri. En effet, couler une dalle de b\u00e9ton permettra d\u2019\u00e9viter l\u2019infiltration d\u2019eau sous votre abri et prolongera ainsi consid\u00e9rablement sa dur\u00e9e de vie.\u00a0Si vous choisissez cette derni\u00e8re option, notez que vous devrez patienter une \u00e0 trois semaines (en fonction de la saison) entre la pose de la dalle et la construction de l\u2019abri. Effectivement, il est n\u00e9cessaire que la dalle soit bien s\u00e8che avant la poursuite des travaux.<br \/>\nSi le montage \u00e0 domicile vous int\u00e9resse, n&rsquo;h\u00e9sitez pas \u00e0 faire votre demande de devis<a title=\"Demande de devis\" href=\"http:\/\/www.almateon.com\/contact-devis\"> en cliquant ici<\/a> ou \u00e0 nous joindre au au 0 805 692 333 (l&rsquo;appel est gratuit depuis un poste fixe) !<\/p>\n","protected":false},"excerpt":{"rendered":"<p>Envie d\u2019installer un abri de rangement dans votre jardin, mais le montage de cette structure vous inqui\u00e8te ? Almateon\u00a0vous propose deux solutions : Vous pouvez anticiper le montage gr\u00e2ce \u00e0 la notice de montage t\u00e9l\u00e9chargeable en ligne. Si vous ne<span class=\"ellipsis\">&hellip;<\/span><\/p>\n<div class=\"read-more\"><a href=\"https:\/\/www.almateon.com\/blog\/actualites-jardin\/almateon-se-charge-du-montage-de-votre-abri-169\/\">Lire la suite &#8250;<\/a><\/div>\n<p><!-- end of .read-more --><\/p>\n","protected":false},"author":10,"featured_media":176,"comment_status":"open","ping_status":"open","sticky":false,"template":"","format":"standard","meta":[],"categories":[2],"tags":[6,47,78],"_links":{"self":[{"href":"https:\/\/www.almateon.com\/blog\/wp-json\/wp\/v2\/posts\/169"}],"collection":[{"href":"https:\/\/www.almateon.com\/blog\/wp-json\/wp\/v2\/posts"}],"about":[{"href":"https:\/\/www.almateon.com\/blog\/wp-json\/wp\/v2\/types\/post"}],"author":[{"embeddable":true,"href":"https:\/\/www.almateon.com\/blog\/wp-json\/wp\/v2\/users\/10"}],"replies":[{"embeddable":true,"href":"https:\/\/www.almateon.com\/blog\/wp-json\/wp\/v2\/comments?post=169"}],"version-history":[{"count":12,"href":"https:\/\/www.almateon.com\/blog\/wp-json\/wp\/v2\/posts\/169\/revisions"}],"predecessor-version":[{"id":563,"href":"https:\/\/www.almateon.com\/blog\/wp-json\/wp\/v2\/posts\/169\/revisions\/563"}],"wp:featuredmedia":[{"embeddable":true,"href":"https:\/\/www.almateon.com\/blog\/wp-json\/wp\/v2\/media\/176"}],"wp:attachment":[{"href":"https:\/\/www.almateon.com\/blog\/wp-json\/wp\/v2\/media?parent=169"}],"wp:term":[{"taxonomy":"category","embeddable":true,"href":"https:\/\/www.almateon.com\/blog\/wp-json\/wp\/v2\/categories?post=169"},{"taxonomy":"post_tag","embeddable":true,"href":"https:\/\/www.almateon.com\/blog\/wp-json\/wp\/v2\/tags?post=169"}],"curies":[{"name":"wp","href":"https:\/\/api.w.org\/{rel}","templated":true}]}}