{"id":1227,"date":"2018-04-01T00:01:10","date_gmt":"2018-03-31T23:01:10","guid":{"rendered":"http:\/\/www.almateon.com\/blog\/?p=1227"},"modified":"2018-03-31T21:08:25","modified_gmt":"2018-03-31T20:08:25","slug":"ventes-privees-chic-design-2017","status":"publish","type":"post","link":"https:\/\/www.almateon.com\/blog\/actualites-jardin\/ventes-privees-chic-design-2017-1227\/","title":{"rendered":"Ventes priv\u00e9es chic &#038; design 2018 !"},"content":{"rendered":"<p>Bonjour \u00e0 tous,<\/p>\n<p>Aujourd&rsquo;hui, nous vous pr\u00e9sentons les nouveaut\u00e9s 2018 Almateon : les ventes priv\u00e9es ,des avant premi\u00e8res,des destockages directement \u00e0 prendre dans notre entrep\u00f4t et par vos soins afin d&rsquo;avoir un prix encore plus attractif ! Un seul objectif vous faire plaisir !<\/p>\n<p>Pour les d\u00e9couvrir, cliquez sur ce lien :<\/p>\n<p><a title=\"Ventes priv\u00e9es Almateon\" href=\"http:\/\/www.almateon.com\/content\/31-ventes-privees\">http:\/\/www.almateon.com\/276-ventes-priv%C3%A9es#\/<\/a><\/p>\n<p>Attention : les stocks sont limit\u00e9s&#8230; les 1er seront servis.. ,pas de r\u00e9servations possibles !<\/p>\n<p><span style=\"font-size: 1.5em;\">De VRAIES ventes priv\u00e9es<\/span><\/p>\n<p>Pourquoi de VRAIES ventes priv\u00e9es ? Vous n&rsquo;\u00eates pas sans conna\u00eetre les grands ma\u00eetres de la vente priv\u00e9e, cependant attention aux arnaques. Ces derniers proposent g\u00e9n\u00e9ralement des articles aux prix gonfl\u00e9s sur lesquels une remise est appliqu\u00e9e ou alors il s&rsquo;agit de produits d\u00e9fectueux (rebus, seconde main, &#8230;). Chez Almateon, nous offrons un gage de qualit\u00e9 concernant nos ventes priv\u00e9es. Celles-ci sont s\u00e9lectionn\u00e9es afin de vous offrir le meilleur rapport qualit\u00e9\/prix pour enfin vous offrir de l&rsquo;\u00e9quipement haut de gamme chic&amp;design pour votre ext\u00e9rieur \u00e0 bon prix.<\/p>\n<h2>De quoi s&rsquo;agit-il ?<\/h2>\n<p>Chaque semaine, Almateon vous propose une ou plusieurs ventes priv\u00e9es sur des th\u00e8mes bien \u00e9clectiques. Nous proposons par exemple des fontaines de jardin, des barbecues\/planchas, des bains de soleil,abris de jardin ,carport,pergolas,outils,mobilier pour le jardin et m\u00eame de l&rsquo;\u00e9quipement pour votre chemin\u00e9e int\u00e9rieure ou ext\u00e9rieure \u00e0 des prix toujours plus attractifs.<\/p>\n<p>Certains articles sont \u00e0 retirer au magasin (car trop lourds &#8211; la fontaine Flore p\u00e8se plus de 300 kilos pour vous donner une id\u00e9e), les autres sont en livraison \u00e0 domicile avec prise de rendez-vous.<\/p>\n<p>Nous proposons des remises allant jusqu&rsquo;\u00e0 65% sur des produits neufs et de qualit\u00e9. Les prix indiqu\u00e9s sur le site Almateon sont les prix r\u00e9els, il n&rsquo;y a pas de suppl\u00e9ment (taxe ou frais de livraison) dans votre panier lorsque vous passez commande.<\/p>\n<h2>Comment puis-je \u00eatre inform\u00e9 des nouvelles ventes ?<\/h2>\n<p>Afin d&rsquo;\u00eatre inform\u00e9 en temps r\u00e9el des ventes priv\u00e9es et ne louper aucune belle affaire, nous vous conseillons de vous inscrire sur le site, nous vous ferons parvenir les derni\u00e8res offres par newsletters de fa\u00e7on r\u00e9guli\u00e8re, ainsi vous serez \u00e0 tout moment assur\u00e9 de profiter des meilleures offres.<\/p>\n<p>D\u00e9couvrez-les d\u00e8s \u00e0 pr\u00e9sent en cliquant<\/p>\n<p><a title=\"Ventes priv\u00e9es Almateon\" href=\"http:\/\/www.almateon.com\/content\/31-ventes-privees\">http:\/\/www.almateon.com\/276-ventes-priv%C3%A9es#\/<br \/>\n<\/a><\/p>\n","protected":false},"excerpt":{"rendered":"<p>Bonjour \u00e0 tous, Aujourd&rsquo;hui, nous vous pr\u00e9sentons les nouveaut\u00e9s 2018 Almateon : les ventes priv\u00e9es ,des avant premi\u00e8res,des destockages directement \u00e0 prendre dans notre entrep\u00f4t et par vos soins afin d&rsquo;avoir un prix encore plus attractif ! Un seul objectif<span class=\"ellipsis\">&hellip;<\/span><\/p>\n<div class=\"read-more\"><a href=\"https:\/\/www.almateon.com\/blog\/actualites-jardin\/ventes-privees-chic-design-2017-1227\/\">Lire la suite &#8250;<\/a><\/div>\n<p><!-- end of .read-more --><\/p>\n","protected":false},"author":10,"featured_media":1242,"comment_status":"open","ping_status":"open","sticky":false,"template":"","format":"standard","meta":[],"categories":[2,4],"tags":[268,275,273,29,269,176,272,278,175,262,58,274,140,277,264,276,271,261,270,263,266,267,265,260],"_links":{"self":[{"href":"https:\/\/www.almateon.com\/blog\/wp-json\/wp\/v2\/posts\/1227"}],"collection":[{"href":"https:\/\/www.almateon.com\/blog\/wp-json\/wp\/v2\/posts"}],"about":[{"href":"https:\/\/www.almateon.com\/blog\/wp-json\/wp\/v2\/types\/post"}],"author":[{"embeddable":true,"href":"https:\/\/www.almateon.com\/blog\/wp-json\/wp\/v2\/users\/10"}],"replies":[{"embeddable":true,"href":"https:\/\/www.almateon.com\/blog\/wp-json\/wp\/v2\/comments?post=1227"}],"version-history":[{"count":7,"href":"https:\/\/www.almateon.com\/blog\/wp-json\/wp\/v2\/posts\/1227\/revisions"}],"predecessor-version":[{"id":1232,"href":"https:\/\/www.almateon.com\/blog\/wp-json\/wp\/v2\/posts\/1227\/revisions\/1232"}],"wp:featuredmedia":[{"embeddable":true,"href":"https:\/\/www.almateon.com\/blog\/wp-json\/wp\/v2\/media\/1242"}],"wp:attachment":[{"href":"https:\/\/www.almateon.com\/blog\/wp-json\/wp\/v2\/media?parent=1227"}],"wp:term":[{"taxonomy":"category","embeddable":true,"href":"https:\/\/www.almateon.com\/blog\/wp-json\/wp\/v2\/categories?post=1227"},{"taxonomy":"post_tag","embeddable":true,"href":"https:\/\/www.almateon.com\/blog\/wp-json\/wp\/v2\/tags?post=1227"}],"curies":[{"name":"wp","href":"https:\/\/api.w.org\/{rel}","templated":true}]}}