{"id":1194,"date":"2016-07-13T15:02:41","date_gmt":"2016-07-13T14:02:41","guid":{"rendered":"http:\/\/www.almateon.com\/blog\/?p=1194"},"modified":"2016-07-13T15:02:41","modified_gmt":"2016-07-13T14:02:41","slug":"notre-coup-de-coeur-du-jour-le-portique-en-pin-sioux-de-la-marque-chalet-jardin","status":"publish","type":"post","link":"https:\/\/www.almateon.com\/blog\/actualites-jardin\/notre-coup-de-coeur-du-jour-le-portique-en-pin-sioux-de-la-marque-chalet-jardin-1194\/","title":{"rendered":"Notre coup de c\u0153ur du jour : Le portique en pin SIOUX de la marque Chalet &#038; Jardin"},"content":{"rendered":"<h2>Chalet &amp; Jardin : Le sp\u00e9cialiste de la cr\u00e9ation d&rsquo;espace dans les jardins !<\/h2>\n<p>Bonjour tout le monde, Mercredi est arriv\u00e9 et comme chaque semaine nous allons vous pr\u00e9senter notre <strong>produit coup de c\u0153ur.<\/strong> Nous avons choisi cette semaine un produit <strong>pour les enfants<\/strong> afin qu&rsquo;ils puissent <strong>s&rsquo;amuser tout l&rsquo;\u00e9t\u00e9<\/strong>, <strong>l&rsquo;aire de jeux SIOUX<\/strong>, propos\u00e9e par la marque <strong>Chalet &amp; Jardin.<\/strong> Depuis 1998 <strong>Chalet &amp; Jardin<\/strong> r\u00e9alise le r\u00eave des bricoleurs, aussi bien d\u00e9butants que professionnels en cr\u00e9ant des <strong>espaces am\u00e9nag\u00e9s au jardin.<\/strong> La marque dispose d&rsquo;une <strong>gamme compl\u00e8te de produits<\/strong> en passant par le <strong>mobilier de jardin<\/strong>, le <strong>chalet de jardin<\/strong>, les <strong>abris<\/strong>, la <strong>piscine<\/strong>, les <strong>coffres de jardin<\/strong> ou encore les <strong>aires de jeux en plein air.<\/strong> Cette <strong>mixit\u00e9 de produits<\/strong> provient d&rsquo;une envie de la marque \u00e0 vouloir <strong>satisfaire ses clients<\/strong> dans tous leurs besoins pour l&rsquo;ext\u00e9rieur. <strong>Chalet &amp; Jardin<\/strong> s&rsquo;adapte \u00e0 tous les types d&rsquo;espace en proposant des <strong>produits agr\u00e9ables \u00e0 vivre<\/strong> pour <strong>terrasses<\/strong>, <strong>balcons<\/strong>, <strong>v\u00e9randas<\/strong> et <strong>jardins.<\/strong> L&rsquo;\u00e9quipe de <strong>Chalet &amp; Jardin<\/strong> est compos\u00e9e de <strong>professionnels de haut niveau<\/strong> dans les secteur de la <strong>recherche et du d\u00e9veloppement de produits d&rsquo;ext\u00e9rieur<\/strong>, de la <strong>fabrication en bois<\/strong>, de <strong>l&rsquo;ing\u00e9nierie en construction r\u00e9sidentielle<\/strong>, de la <strong>distribution et des ventes de produits d&rsquo;ext\u00e9rieur<\/strong> et de <strong>construction<\/strong> afin de fournir des <strong>produits innovants et de qualit\u00e9, accessibles \u00e0 tous.<\/strong><\/p>\n<p><a href=\"http:\/\/www.almateon.com\/blog\/wp-content\/uploads\/2016\/07\/chalet-jardin.png\"><img loading=\"lazy\" class=\"size-full wp-image-1195 aligncenter\" alt=\"chalet-jardin\" src=\"http:\/\/www.almateon.com\/blog\/wp-content\/uploads\/2016\/07\/chalet-jardin.png\" width=\"270\" height=\"76\" \/><\/a><\/p>\n<p>Aujourd&rsquo;hui nous avons choisi de vous pr\u00e9senter un produit d&rsquo;ext\u00e9rieur\u00a0con\u00e7u par <strong>Chalet &amp; Jardin<\/strong>, <strong>l&rsquo;aire de jeux pour enfants<\/strong>, <strong>SIOUX.<\/strong><\/p>\n<h2>Portique en bois SIOUX : Une aire de jeux bien \u00e9quip\u00e9e pour divertir les enfants !<\/h2>\n<p><strong>L&rsquo;\u00e9t\u00e9<\/strong>, les enfants adorent s&rsquo;amuser et <strong>s&rsquo;\u00e9panouir en plein air.<\/strong> Pourquoi ne pas les <strong>combler de bonheur<\/strong> et leur offrir une <strong>aire de jeux s\u00e9curis\u00e9e<\/strong> pour qu&rsquo;ils puissent se <strong>divertir ?<\/strong> C&rsquo;est exactement ce que propose ce <strong>portique en bois.<\/strong> Avec <strong>SIOUX<\/strong>, il y en a <strong>pour tous les go\u00fbts.<\/strong> En effet, cette aire de jeux est compos\u00e9e de <strong>3 \u00e9quipements<\/strong> pour que les enfants puissent <strong>varier les plaisirs.<\/strong> Retrouvez une <strong>balan\u00e7oire<\/strong> pour ceux qui aiment les sensations de vol. Pour les petits aventuriers qui aiment escalader et grimper, ils pourront s&rsquo;amuser avec <strong>l&rsquo;\u00e9chelle.<\/strong> Enfin pour ceux qui veulent partager un moment \u00e0 deux, ils pourront se servir du <strong>vis-a-vis.<\/strong> Ces <strong>3 \u00e9quipements<\/strong> vont permettre \u00e0 vos enfants de passer et de <strong>partager d&rsquo;agr\u00e9ables moments en ext\u00e9rieur<\/strong> avec leur petits copains.<\/p>\n<p><a href=\"http:\/\/www.almateon.com\/blog\/wp-content\/uploads\/2016\/07\/sioux-almateon.png\"><img loading=\"lazy\" class=\"size-medium wp-image-1197 aligncenter\" alt=\"sioux-almateon\" src=\"http:\/\/www.almateon.com\/blog\/wp-content\/uploads\/2016\/07\/sioux-almateon-300x216.png\" width=\"300\" height=\"216\" srcset=\"https:\/\/www.almateon.com\/blog\/wp-content\/uploads\/2016\/07\/sioux-almateon-300x216.png 300w, https:\/\/www.almateon.com\/blog\/wp-content\/uploads\/2016\/07\/sioux-almateon.png 794w\" sizes=\"(max-width: 300px) 100vw, 300px\" \/><\/a><\/p>\n<p>&nbsp;<\/p>\n<h2>Quelques caract\u00e9ristiques techniques :<\/h2>\n<p>La <strong>structure du portique SIOUX<\/strong> est en <strong>pin trait\u00e9 autoclave 4<\/strong> et <strong>certifi\u00e9 FSC.<\/strong> Ce label certifie une <strong>gestion \u00e9cologique<\/strong> et <strong>durable<\/strong> des for\u00eats et <strong>lutte contre la d\u00e9forestation.<\/strong> Ce <strong>bois de qualit\u00e9<\/strong> prot\u00e8ge l&rsquo;aire de jeux contre les attaques ext\u00e9rieures. Concernant l&rsquo;installation de <strong>SIOUX<\/strong>, le <strong>montage est facile<\/strong> mais demande <strong>quelques pr\u00e9cautions<\/strong> \u00e0 prendre au pr\u00e9alable.\u00a0Pr\u00e9voyez tout d&rsquo;abord une\u00a0<strong>zone sans danger<\/strong>\u00a0autour de l&rsquo;aire de jeu. Nous vous conseillons \u00e9galement de\u00a0<strong>creuser des trous de 30 cm<\/strong>\u00a0de profondeur pour chaque pied afin d&rsquo;assurer la\u00a0<strong>stabilit\u00e9<\/strong>\u00a0du portique pour que vos enfants puissent\u00a0<strong>s&rsquo;amuser en s\u00e9curit\u00e9.<\/strong><\/p>\n<p><a href=\"http:\/\/www.almateon.com\/blog\/wp-content\/uploads\/2016\/07\/sioux-almateon-2.jpg\"><img loading=\"lazy\" class=\"size-medium wp-image-1198 aligncenter\" alt=\"sioux-almateon-2\" src=\"http:\/\/www.almateon.com\/blog\/wp-content\/uploads\/2016\/07\/sioux-almateon-2-300x192.jpg\" width=\"300\" height=\"192\" srcset=\"https:\/\/www.almateon.com\/blog\/wp-content\/uploads\/2016\/07\/sioux-almateon-2-300x192.jpg 300w, https:\/\/www.almateon.com\/blog\/wp-content\/uploads\/2016\/07\/sioux-almateon-2.jpg 500w\" sizes=\"(max-width: 300px) 100vw, 300px\" \/><\/a><\/p>\n<p>&nbsp;<\/p>\n<h2>Pourquoi est-ce notre coup de c\u0153ur de la semaine ?<\/h2>\n<ul>\n<li>Nous avons retenu le <strong>portique SIOUX<\/strong> car il sera <strong>la star des enfants cet \u00e9t\u00e9<\/strong> dans votre jardin. <strong>La balan\u00e7oire<\/strong>, <strong>l&rsquo;\u00e9chelle<\/strong> et <strong>le vis-\u00e0-vis<\/strong> sont <strong>3 \u00e9quipements<\/strong> que les enfants adorent, <strong>regroup\u00e9s en une seule et m\u00eame structure.<\/strong><\/li>\n<li>Soulignons la <strong>qualit\u00e9 du bois<\/strong> qui apporte <strong>r\u00e9sistance<\/strong> et <strong>s\u00e9curise la structure<\/strong> pour que les enfants puissent <strong>se divertir sans risques.<\/strong><\/li>\n<li>Ce produit est \u00e9galement <strong>\u00e9cologique<\/strong> et <strong>soucieux de l&rsquo;environnement<\/strong>, en t\u00e9moigne sa <strong>certification FSC.<\/strong><\/li>\n<li>Enfin il est <strong>facile \u00e0 installer<\/strong> et <strong>apportera une touche d\u00e9corative<\/strong> \u00e0 votre ext\u00e9rieur.<\/li>\n<\/ul>\n<p><a href=\"http:\/\/www.almateon.com\/blog\/wp-content\/uploads\/2016\/07\/sioux-almateon-3.jpg\"><img loading=\"lazy\" class=\"size-medium wp-image-1199 aligncenter\" alt=\"sioux-almateon-3\" src=\"http:\/\/www.almateon.com\/blog\/wp-content\/uploads\/2016\/07\/sioux-almateon-3-300x246.jpg\" width=\"300\" height=\"246\" srcset=\"https:\/\/www.almateon.com\/blog\/wp-content\/uploads\/2016\/07\/sioux-almateon-3-300x246.jpg 300w, https:\/\/www.almateon.com\/blog\/wp-content\/uploads\/2016\/07\/sioux-almateon-3.jpg 548w\" sizes=\"(max-width: 300px) 100vw, 300px\" \/><\/a><\/p>\n<p>&nbsp;<\/p>\n<p><strong>Un \u00e9t\u00e9 plein d&rsquo;aventures attendent vos petits avec l&rsquo;aire de jeux SIOUX par Chalet &amp; Jardin !<\/strong><\/p>\n","protected":false},"excerpt":{"rendered":"<p>Chalet &amp; Jardin : Le sp\u00e9cialiste de la cr\u00e9ation d&rsquo;espace dans les jardins ! Bonjour tout le monde, Mercredi est arriv\u00e9 et comme chaque semaine nous allons vous pr\u00e9senter notre produit coup de c\u0153ur. Nous avons choisi cette semaine un<span class=\"ellipsis\">&hellip;<\/span><\/p>\n<div class=\"read-more\"><a href=\"https:\/\/www.almateon.com\/blog\/actualites-jardin\/notre-coup-de-coeur-du-jour-le-portique-en-pin-sioux-de-la-marque-chalet-jardin-1194\/\">Lire la suite &#8250;<\/a><\/div>\n<p><!-- end of .read-more --><\/p>\n","protected":false},"author":10,"featured_media":1197,"comment_status":"open","ping_status":"open","sticky":false,"template":"","format":"standard","meta":[],"categories":[2],"tags":[239,202,209,235,204,140,237,238,233,201,236,234],"_links":{"self":[{"href":"https:\/\/www.almateon.com\/blog\/wp-json\/wp\/v2\/posts\/1194"}],"collection":[{"href":"https:\/\/www.almateon.com\/blog\/wp-json\/wp\/v2\/posts"}],"about":[{"href":"https:\/\/www.almateon.com\/blog\/wp-json\/wp\/v2\/types\/post"}],"author":[{"embeddable":true,"href":"https:\/\/www.almateon.com\/blog\/wp-json\/wp\/v2\/users\/10"}],"replies":[{"embeddable":true,"href":"https:\/\/www.almateon.com\/blog\/wp-json\/wp\/v2\/comments?post=1194"}],"version-history":[{"count":2,"href":"https:\/\/www.almateon.com\/blog\/wp-json\/wp\/v2\/posts\/1194\/revisions"}],"predecessor-version":[{"id":1200,"href":"https:\/\/www.almateon.com\/blog\/wp-json\/wp\/v2\/posts\/1194\/revisions\/1200"}],"wp:featuredmedia":[{"embeddable":true,"href":"https:\/\/www.almateon.com\/blog\/wp-json\/wp\/v2\/media\/1197"}],"wp:attachment":[{"href":"https:\/\/www.almateon.com\/blog\/wp-json\/wp\/v2\/media?parent=1194"}],"wp:term":[{"taxonomy":"category","embeddable":true,"href":"https:\/\/www.almateon.com\/blog\/wp-json\/wp\/v2\/categories?post=1194"},{"taxonomy":"post_tag","embeddable":true,"href":"https:\/\/www.almateon.com\/blog\/wp-json\/wp\/v2\/tags?post=1194"}],"curies":[{"name":"wp","href":"https:\/\/api.w.org\/{rel}","templated":true}]}}