{"id":1094,"date":"2016-04-20T10:51:15","date_gmt":"2016-04-20T09:51:15","guid":{"rendered":"http:\/\/www.almateon.com\/blog\/?p=1094"},"modified":"2016-04-20T10:59:36","modified_gmt":"2016-04-20T09:59:36","slug":"notre-coup-de-coeur-de-la-semaine-le-hamac-joia-de-la-marque-jobek-sans-barre-bois","status":"publish","type":"post","link":"https:\/\/www.almateon.com\/blog\/actualites-jardin\/notre-coup-de-coeur-de-la-semaine-le-hamac-joia-de-la-marque-jobek-sans-barre-bois-1094\/","title":{"rendered":"Notre coup de coeur de la semaine: Le hamac JOIA de la marque Jobek sans barre bois"},"content":{"rendered":"<h2><strong>Jobek\u00a0: une marque de passionn\u00e9s\u00a0!<\/strong><\/h2>\n<p>Pour commencer cet article nous avons d\u00e9cid\u00e9 de vous pr\u00e9senter la marque qui est derri\u00e8re notre coup de c\u0153ur, <strong>Jobek<\/strong>. L\u2019histoire de cette marque est assez atypique et nous allons vous la raconter.<\/p>\n<p>C\u2019est en 1971, alors que l\u2019\u00e8re hippie bat son plein en Europe, deux fr\u00e8res Allemands du nom de <strong>Joseph<\/strong> et <strong>Bernhard Kopf<\/strong>, d\u00e9cid\u00e8rent de partir pour un voyage de deux ann\u00e9es dans les coins les plus recul\u00e9s et myst\u00e9rieux du Br\u00e9sil. A la recherche d\u2019\u00e9vasion, ces deux fr\u00e8res ont pu y d\u00e9couvrir des endroits et <strong>des paysages magnifiques<\/strong> mais \u00e9galement d\u2019y faire <strong>des rencontres inoubliables<\/strong> qui marqueront leurs vies \u00e0 jamais. C\u2019est dans ce pays qu\u2019ils d\u00e9couvrirent le hamac, produit tr\u00e8s popularis\u00e9 au Br\u00e9sil \u00e0 cette \u00e9poque et encore de nos jours d\u2019ailleurs. En rentrant de leur p\u00e9riple, ils d\u00e9cid\u00e8rent de faire <strong>d\u00e9couvrir<\/strong> et <strong>partager<\/strong> la culture Br\u00e9silienne \u00e0 l\u2019Europe et plus particuli\u00e8rement le hamac.<\/p>\n<p style=\"text-align: center;\"><a href=\"http:\/\/www.almateon.com\/blog\/wp-content\/uploads\/2016\/04\/Hamac-JOIA-Vintage-EXTM-2-almateon.jpg\"><img loading=\"lazy\" class=\"alignnone size-medium wp-image-1095\" alt=\"Hamac JOIA Vintage EXTM (2) almateon\" src=\"http:\/\/www.almateon.com\/blog\/wp-content\/uploads\/2016\/04\/Hamac-JOIA-Vintage-EXTM-2-almateon-300x200.jpg\" width=\"300\" height=\"200\" srcset=\"https:\/\/www.almateon.com\/blog\/wp-content\/uploads\/2016\/04\/Hamac-JOIA-Vintage-EXTM-2-almateon-300x200.jpg 300w, https:\/\/www.almateon.com\/blog\/wp-content\/uploads\/2016\/04\/Hamac-JOIA-Vintage-EXTM-2-almateon.jpg 886w\" sizes=\"(max-width: 300px) 100vw, 300px\" \/><\/a><\/p>\n<p style=\"text-align: left;\">C\u2019est de l\u00e0 qu\u2019ils ont d\u00e9cid\u00e9 de cr\u00e9er l\u2019entreprise <strong>Jobek<\/strong>, sp\u00e9cialis\u00e9e dans la fabrication de hamacs <strong>made in Br\u00e9sil<\/strong>, afin de pouvoir recr\u00e9er et partager les \u00e9motions qu\u2019ils ont pu conna\u00eetre dans ce pays. Ainsi ils firent <strong>de leur hamac un produit de voyage<\/strong> pour transporter les personnes vers <strong>des lieux paradisiaques.<\/strong><\/p>\n<h2><strong>Le hamac JOIA en Jobekcord<\/strong><\/h2>\n<p>L\u2019\u00e9t\u00e9 arrive \u00e0 grands pas\u00a0! Qui dit \u00e9t\u00e9, dit soleil, chaleur, vacances, farniente, sieste et j\u2019en passe. Pour profiter pleinement de tous ces \u00e9l\u00e9ments qui font de la p\u00e9riode estivale la meilleure saison de l\u2019ann\u00e9e, rien de mieux qu\u2019un <strong>hamac\u00a0!<\/strong> C\u2019est donc pour cette raison que <strong>notre coup de c\u0153ur<\/strong> cette semaine c\u2019est port\u00e9 sur le hamac JOIA en <strong>Jobekcord.<\/strong><\/p>\n<p style=\"text-align: center;\"><a href=\"http:\/\/www.almateon.com\/blog\/wp-content\/uploads\/2016\/04\/Hamac-JOIA-Rayures-Rose-Orange-Bleu-Almateon.jpg\"><img loading=\"lazy\" class=\"alignnone size-medium wp-image-1096\" alt=\"Hamac JOIA Rayures Rose Orange Bleu Almateon\" src=\"http:\/\/www.almateon.com\/blog\/wp-content\/uploads\/2016\/04\/Hamac-JOIA-Rayures-Rose-Orange-Bleu-Almateon-300x166.jpg\" width=\"300\" height=\"166\" srcset=\"https:\/\/www.almateon.com\/blog\/wp-content\/uploads\/2016\/04\/Hamac-JOIA-Rayures-Rose-Orange-Bleu-Almateon-300x166.jpg 300w, https:\/\/www.almateon.com\/blog\/wp-content\/uploads\/2016\/04\/Hamac-JOIA-Rayures-Rose-Orange-Bleu-Almateon-1024x567.jpg 1024w, https:\/\/www.almateon.com\/blog\/wp-content\/uploads\/2016\/04\/Hamac-JOIA-Rayures-Rose-Orange-Bleu-Almateon.jpg 2000w\" sizes=\"(max-width: 300px) 100vw, 300px\" \/><\/a><\/p>\n<p>Apr\u00e8s avoir lu cette petite description, une question vient automatiquement \u00e0 l\u2019esprit. Qu\u2019est ce que le <strong>Jobekcord\u00a0?<\/strong> Le Jobekcord, c\u2019est un <strong>textile hi-tech<\/strong>, <strong>r\u00e9sistant dans le temps<\/strong> sans perte de couleur. Le\u00a0 mat\u00e9riau\u00a0 de\u00a0 base\u00a0 est\u00a0 appel\u00e9\u00a0 polym\u00e8re,\u00a0 utilis\u00e9 dans\u00a0 de\u00a0 nombreuses\u00a0 mati\u00e8res\u00a0 synth\u00e9tiques telles que le polyester, le polyamide ou le poly\u00e9thyl\u00e8ne. On y ajoute \u00e9galement d\u2019autres plastifiants et\u00a0 stabilisants ce qui donne forme \u00e0 la mati\u00e8re finale. En comparaison avec le polyester, le polypropyl\u00e8ne est <strong>beaucoup plus doux<\/strong> au touch\u00e9 et <strong>r\u00e9siste mieux aux UV<\/strong>, il est \u00e9galement <strong>plus l\u00e9ger<\/strong> ce qui est un avantage dans la r\u00e9tention d\u2019eau. Le <strong>Jobekcord<\/strong> subit \u00e9galement un <strong>traitement anti-moisissure et anti-bact\u00e9rien<\/strong> pour une r\u00e9sistance optimale aux attaques ext\u00e9rieures. Il\u00a0 y\u00a0 a\u00a0 seulement\u00a0 une\u00a0 petite\u00a0 dizaine\u00a0 de\u00a0 Soci\u00e9t\u00e9\u00a0 dans \u00a0le\u00a0 monde\u00a0 capable\u00a0 de\u00a0 produire\u00a0 des\u00a0 fils\u00a0 en <strong>Jobekcord<\/strong>, c\u2019est pour cela que c\u2019est une fibre High-tech. Ce\u00a0 tissu\u00a0 est\u00a0 inalt\u00e9rable,\u00a0 \u00e0\u00a0 haute\u00a0 r\u00e9sistance\u00a0 dans\u00a0 le temps et \u00e0 l\u2019eau et bien s\u00fbr est doux au toucher.<\/p>\n<p style=\"text-align: center;\"><a href=\"http:\/\/www.almateon.com\/blog\/wp-content\/uploads\/2016\/04\/Hamac-JOIA-Vintage-DT-almateon.jpg\"><img loading=\"lazy\" class=\"alignnone size-medium wp-image-1097\" alt=\"Hamac JOIA Vintage DT almateon\" src=\"http:\/\/www.almateon.com\/blog\/wp-content\/uploads\/2016\/04\/Hamac-JOIA-Vintage-DT-almateon-300x199.jpg\" width=\"300\" height=\"199\" srcset=\"https:\/\/www.almateon.com\/blog\/wp-content\/uploads\/2016\/04\/Hamac-JOIA-Vintage-DT-almateon-300x199.jpg 300w, https:\/\/www.almateon.com\/blog\/wp-content\/uploads\/2016\/04\/Hamac-JOIA-Vintage-DT-almateon-1024x680.jpg 1024w, https:\/\/www.almateon.com\/blog\/wp-content\/uploads\/2016\/04\/Hamac-JOIA-Vintage-DT-almateon.jpg 1600w\" sizes=\"(max-width: 300px) 100vw, 300px\" \/><\/a><\/p>\n<p style=\"text-align: left;\">Voil\u00e0, vous savez tout sur le Jobekcord qui fait de ce hamac JOIA <strong>un produit haut de gamme\u00a0!<\/strong><\/p>\n<h2><strong>Pourquoi est-ce notre coup de c\u0153ur\u00a0?<\/strong><\/h2>\n<ul>\n<li>Premi\u00e8rement nous avons retenu <strong>la qualit\u00e9 de la mati\u00e8re<\/strong> qui compose notre hamac JOIA, le <strong>Jobekcord<\/strong>. Le <strong>confort<\/strong> et la <strong>douceur<\/strong> apport\u00e9s par cette mati\u00e8re sont <strong>in\u00e9galables<\/strong>. De plus, ce hamac est <strong>r\u00e9sistant aux UV<\/strong>, <strong>trait\u00e9 contre les attaques ext\u00e9rieures<\/strong>, <strong>facile d\u2019entretien<\/strong> et <strong>s\u00e8che rapidement<\/strong> gr\u00e2ce au taux de r\u00e9tention d&rsquo;eau inf\u00e9rieur \u00e0 0,01%.<\/li>\n<li>Ce hamac est \u00e9galement <strong>spacieux<\/strong> avec sa surface de toile de 140 X 200 cm et sa longueur totale de 340 cm, pour profiter pleinement et \u00eatre \u00e0 l\u2019aise lors de <strong>votre sieste relaxante.<\/strong><\/li>\n<li>Son design <strong>\u00e9l\u00e9gant<\/strong> lui permet d\u2019\u00eatre un \u00e9l\u00e9ment d\u00e9coratif au sein m\u00eame de votre jardin ou de votre terrasse. Il existe 6 coloris diff\u00e9rents pour ce hamac JOIA afin de pouvoir trouver celui qui <strong>VOUS<\/strong> ressemble\u00a0!<\/li>\n<li>Enfin, <strong>l\u00e9ger<\/strong>, <strong>facilement transportable<\/strong> et <strong>pouvant s\u2019accrocher sur de nombreuses surfaces<\/strong> vous pourrez amener votre hamac dans <strong>toutes vos aventures<\/strong> pour prendre un moment de d\u00e9tente quand bon vous semble.<\/li>\n<\/ul>\n<p style=\"text-align: center;\"><a href=\"http:\/\/www.almateon.com\/blog\/wp-content\/uploads\/2016\/04\/Hamac-JOIA-Jaune-Orange-EXTM-almateon.jpg\"><img loading=\"lazy\" class=\"alignnone size-medium wp-image-1098\" alt=\"Hamac JOIA Jaune Orange EXTM almateon\" src=\"http:\/\/www.almateon.com\/blog\/wp-content\/uploads\/2016\/04\/Hamac-JOIA-Jaune-Orange-EXTM-almateon-300x200.jpg\" width=\"300\" height=\"200\" srcset=\"https:\/\/www.almateon.com\/blog\/wp-content\/uploads\/2016\/04\/Hamac-JOIA-Jaune-Orange-EXTM-almateon-300x200.jpg 300w, https:\/\/www.almateon.com\/blog\/wp-content\/uploads\/2016\/04\/Hamac-JOIA-Jaune-Orange-EXTM-almateon.jpg 886w\" sizes=\"(max-width: 300px) 100vw, 300px\" \/><\/a><\/p>\n<p>Vous l\u2019aurez compris, ce hamac est <strong>un v\u00e9ritable espace de paradis<\/strong> qui vous fera voyager et vous transportera tr\u00e8s loin de votre quotidien pour vivre comme Joseph et Bernhard <strong>des moments inoubliables !<\/strong><\/p>\n","protected":false},"excerpt":{"rendered":"<p>Jobek\u00a0: une marque de passionn\u00e9s\u00a0! Pour commencer cet article nous avons d\u00e9cid\u00e9 de vous pr\u00e9senter la marque qui est derri\u00e8re notre coup de c\u0153ur, Jobek. L\u2019histoire de cette marque est assez atypique et nous allons vous la raconter. C\u2019est en<span class=\"ellipsis\">&hellip;<\/span><\/p>\n<div class=\"read-more\"><a href=\"https:\/\/www.almateon.com\/blog\/actualites-jardin\/notre-coup-de-coeur-de-la-semaine-le-hamac-joia-de-la-marque-jobek-sans-barre-bois-1094\/\">Lire la suite &#8250;<\/a><\/div>\n<p><!-- end of .read-more --><\/p>\n","protected":false},"author":10,"featured_media":1098,"comment_status":"open","ping_status":"open","sticky":false,"template":"","format":"standard","meta":[],"categories":[2],"tags":[144,137,141,142,138,115,140,117,135,136,147,143,139,146,145],"_links":{"self":[{"href":"https:\/\/www.almateon.com\/blog\/wp-json\/wp\/v2\/posts\/1094"}],"collection":[{"href":"https:\/\/www.almateon.com\/blog\/wp-json\/wp\/v2\/posts"}],"about":[{"href":"https:\/\/www.almateon.com\/blog\/wp-json\/wp\/v2\/types\/post"}],"author":[{"embeddable":true,"href":"https:\/\/www.almateon.com\/blog\/wp-json\/wp\/v2\/users\/10"}],"replies":[{"embeddable":true,"href":"https:\/\/www.almateon.com\/blog\/wp-json\/wp\/v2\/comments?post=1094"}],"version-history":[{"count":6,"href":"https:\/\/www.almateon.com\/blog\/wp-json\/wp\/v2\/posts\/1094\/revisions"}],"predecessor-version":[{"id":1104,"href":"https:\/\/www.almateon.com\/blog\/wp-json\/wp\/v2\/posts\/1094\/revisions\/1104"}],"wp:featuredmedia":[{"embeddable":true,"href":"https:\/\/www.almateon.com\/blog\/wp-json\/wp\/v2\/media\/1098"}],"wp:attachment":[{"href":"https:\/\/www.almateon.com\/blog\/wp-json\/wp\/v2\/media?parent=1094"}],"wp:term":[{"taxonomy":"category","embeddable":true,"href":"https:\/\/www.almateon.com\/blog\/wp-json\/wp\/v2\/categories?post=1094"},{"taxonomy":"post_tag","embeddable":true,"href":"https:\/\/www.almateon.com\/blog\/wp-json\/wp\/v2\/tags?post=1094"}],"curies":[{"name":"wp","href":"https:\/\/api.w.org\/{rel}","templated":true}]}}